{"id":2024,"date":"2018-11-23T20:32:52","date_gmt":"2018-11-23T20:32:52","guid":{"rendered":"https:\/\/arte.uniandes.edu.co\/sitios\/premionalcritica\/?p=2024"},"modified":"2018-11-30T14:59:55","modified_gmt":"2018-11-30T14:59:55","slug":"disponible-la-publicacion-de-la-13a-version-del-premio-nacional-de-critica","status":"publish","type":"post","link":"https:\/\/premionalcritica.uniandes.edu.co\/?p=2024","title":{"rendered":"Disponible la publicaci\u00f3n de la 13\u00aa versi\u00f3n del \u00abPremio Nacional de Cr\u00edtica\u00bb"},"content":{"rendered":"<div><img decoding=\"async\" title=\"Disponible la publicaci\u00f3n de la 13\u00aa versi\u00f3n del \u201cPremio Nacional de Cr\u00edtica\u201d\" src=\"https:\/\/facartes.uniandes.edu.co\/wp-content\/uploads\/2018\/11\/Premio-de-critica-1.jpg\" alt=\"Disponible la publicaci\u00f3n de la 13\u00aa versi\u00f3n del \u201cPremio Nacional de Cr\u00edtica\u201d\" \/><\/div>\n<div>\n<div>\n<p>La publicaci\u00f3n de la 13\u00aa versi\u00f3n del \u201cPremio Nacional de Cr\u00edtica\u201d circula con el Peri\u00f3dico Arteria y est\u00e1 disponible para consulta en l\u00ednea. Incluye textos de Miguel Rojas, Claudia D\u00edaz, Efr\u00e9n Giraldo, Carlos Orlando Fino y Ericka Fl\u00f3rez. En esta versi\u00f3n (2016 \u2013 2017), los ganadores fueron: Miguel Rojas Sotelo con el texto\u00a0<em>Soberan\u00eda visual en Abya Yala<\/em>, en la categor\u00eda texto largo; y Claudia D\u00edaz con\u00a0<em>Meditaciones en el f\u00e9rtil suelo<\/em>, en la categor\u00eda texto breve.<\/p>\n<p>Para bajar la publicaci\u00f3n, pulse <span style=\"color: #ff6600;\"><a href=\"https:\/\/arte.uniandes.edu.co\/sitios\/premionalcritica\/wp-content\/uploads\/RCEAC2018.pdf\"><span style=\"color: #ff6600;\">aqu\u00ed<\/span><\/a><\/span><\/p>\n<p>En la versi\u00f3n de este a\u00f1o (2017 \u2013 2018), que se publicar\u00e1 en 2019, los ganadores fueron: Ximena Gama con\u00a0<em>Esquina Rosa<\/em>, en la categor\u00eda texto largo; y Nadia Silva con\u00a0<em>Esas cosas no pasan aqu\u00ed<\/em>, en la categor\u00eda texto breve.<\/p>\n<p>El objetivo de esta iniciativa es fomentar la cr\u00edtica de arte a partir de la escritura como acto p\u00fablico. El reconocimiento funciona a trav\u00e9s de dos plataformas; una publicaci\u00f3n que edita una selecci\u00f3n de textos hecha por un grupo de jurados y un portal digital que archiva todo el acontecer del evento a\u00f1o tras a\u00f1o.<\/p>\n<\/div>\n<div>\n<div>\n<p>Esta es una iniciativa anual abierta a todo tipo de personas que muestren inter\u00e9s por el arte que se hace en Colombia y que quieran, en la escritura de un ensayo, darle forma a su opini\u00f3n cr\u00edtica.<\/p>\n<p>Una vez abierta la convocatoria, se espera recibir textos agudos y bien puntuados, afinadas cajitas de m\u00fasica que adem\u00e1s de responder con vigor y precisi\u00f3n ante una obra, una historia o una situaci\u00f3n, tomen partido por uno o varios tonos narrativos,\u00a0 ironicen la correcci\u00f3n pol\u00edtica y se dirijan a un lector curioso e inquisitivo; textos que se salgan del marco predecible de un manual de estilo propio de algunas agendas period\u00edsticas y acad\u00e9micas\u2014, y se lancen al abismo para encontrar una voz propia que le sume m\u00e1s acto- res y lectores a la cr\u00edtica de arte. Porque el problema no es que haya o no cr\u00edtica, sino que solo exista una cr\u00edtica, un solo tipo de cr\u00edtica, una \u00fanica figura o instituci\u00f3n que se perfile como \u00e1rbitro del gusto bajo una definici\u00f3n can\u00f3nica y acomodada de lo que es arte.<\/p>\n<p>Este reconocimiento funciona a trav\u00e9s de dos plataformas: una publicaci\u00f3n que edita la selecci\u00f3n de textos hecha por un grupo de jurados, y un portal digital que archiva todo el acontecer del evento a\u00f1o tras a\u00f1o.<\/p>\n<p>Desde el a\u00f1o 2010, este fomento a la cr\u00edtica y el ensayo cuenta con dos categor\u00edas de participaci\u00f3n:\u00a0<em>texto largo\u00a0<\/em>y\u00a0<em>texto breve<\/em>. La primera es para textos de m\u00e1s de diez mil caracteres (con espacios), y la segunda es para escritos de menor extensi\u00f3n. Los textos enviados pueden haber sido publicados o ser in\u00e9ditos y, en caso de haber sido publicados, poco importa que una pesquisa b\u00e1sica por internet logre dar cuenta de qui\u00e9n es el autor (lo que importa es que, publicados o no, los textos sean cr\u00edticos).<\/p>\n<p>Esta publicaci\u00f3n re\u00fane cinco textos que fueron seleccionados entre un total de treinta y tres escritos recibidos para concursar en la treceava versi\u00f3n de esta convocatoria organizada por la Universidad de los Andes y el Ministerio de Cultura. Los jurados que seleccionaron los ensayos a publicar fueron Mar- garita Calle, profesora y directora de la Maestr\u00eda de Est\u00e9tica y Creaci\u00f3n de la Universidad Tecnol\u00f3gica de Pereira; Carlos Guzm\u00e1n, cr\u00edtico y ganador de la convocatoria de 2016; y, como jurado extranjero, se invit\u00f3 al espa\u00f1ol Peio Aguirre, escritor, curador y editor.<\/p>\n<p>La baja cantidad de propuestas recibidas\u2014y una que otra rechazada por falta de un sello, un pliego, un oficio, un acta o una letra del inventario contable propio de la actividad ministerial\u2014, tal vez sean un indicador del poco inter\u00e9s que despierta la actividad de la cr\u00edtica de arte. \u00bfA qui\u00e9n le puede interesar este ejercicio de pensar a trav\u00e9s de la escritura y de hacer pensar a otros a partir de lo escrito? En esta \u00e9poca del meme \u2014de la recompensa inmediata y viral del corazoncito y del\u00a0<em>like\u2014<\/em>, \u00bfqui\u00e9n se da ese lujo solitario de leer para escribir?<\/p>\n<p>Para esta edici\u00f3n se imprimieron cinco mil quinientos ejemplares que circulan de forma gratuita, a manera de inserto, en el Peri\u00f3dico Arteria. As\u00ed, con un tiraje copio- so, se espera que estos ensayos encuentren m\u00e1s lectores y que muchas m\u00e1s personas se animen a pasar de la criticadera a la cr\u00edtica: a escribir y a publicar lo que escriben (y de paso le apuesten a esta loter\u00eda de la escritura que otorga dos premios millonarios, un est\u00edmulo importante para la c\u00edtrica, perd\u00f3n, para la cr\u00edtica, en estos grandes tiempos de la econom\u00eda naranja).<\/p>\n<\/div>\n<\/div>\n<\/div>\n","protected":false},"excerpt":{"rendered":"La publicaci\u00f3n de la 13\u00aa versi\u00f3n del \u201cPremio Nacional de Cr\u00edtica\u201d circula con el Peri\u00f3dico Arteria y est\u00e1 disponible para consulta en l\u00ednea. Incluye textos de Miguel Rojas, Claudia D\u00edaz, Efr\u00e9n Giraldo, Carlos Orlando Fino y Ericka Fl\u00f3rez. En esta [&hellip;]","protected":false},"author":17,"featured_media":0,"comment_status":"closed","ping_status":"closed","sticky":false,"template":"","format":"standard","meta":{"_acf_changed":false,"footnotes":""},"categories":[1],"tags":[],"class_list":["post-2024","post","type-post","status-publish","format-standard","hentry","category-noticias"],"acf":[],"_links":{"self":[{"href":"https:\/\/premionalcritica.uniandes.edu.co\/index.php?rest_route=\/wp\/v2\/posts\/2024","targetHints":{"allow":["GET"]}}],"collection":[{"href":"https:\/\/premionalcritica.uniandes.edu.co\/index.php?rest_route=\/wp\/v2\/posts"}],"about":[{"href":"https:\/\/premionalcritica.uniandes.edu.co\/index.php?rest_route=\/wp\/v2\/types\/post"}],"author":[{"embeddable":true,"href":"https:\/\/premionalcritica.uniandes.edu.co\/index.php?rest_route=\/wp\/v2\/users\/17"}],"replies":[{"embeddable":true,"href":"https:\/\/premionalcritica.uniandes.edu.co\/index.php?rest_route=%2Fwp%2Fv2%2Fcomments&post=2024"}],"version-history":[{"count":7,"href":"https:\/\/premionalcritica.uniandes.edu.co\/index.php?rest_route=\/wp\/v2\/posts\/2024\/revisions"}],"predecessor-version":[{"id":2026,"href":"https:\/\/premionalcritica.uniandes.edu.co\/index.php?rest_route=\/wp\/v2\/posts\/2024\/revisions\/2026"}],"wp:attachment":[{"href":"https:\/\/premionalcritica.uniandes.edu.co\/index.php?rest_route=%2Fwp%2Fv2%2Fmedia&parent=2024"}],"wp:term":[{"taxonomy":"category","embeddable":true,"href":"https:\/\/premionalcritica.uniandes.edu.co\/index.php?rest_route=%2Fwp%2Fv2%2Fcategories&post=2024"},{"taxonomy":"post_tag","embeddable":true,"href":"https:\/\/premionalcritica.uniandes.edu.co\/index.php?rest_route=%2Fwp%2Fv2%2Ftags&post=2024"}],"curies":[{"name":"wp","href":"https:\/\/api.w.org\/{rel}","templated":true}]}}